{"id":2241,"date":"2019-11-20T00:00:00","date_gmt":"2019-11-20T03:00:00","guid":{"rendered":"https:\/\/doity.com.br\/blog\/analista-de-eventos\/"},"modified":"2023-02-15T18:54:00","modified_gmt":"2023-02-15T21:54:00","slug":"analista-de-eventos","status":"publish","type":"post","link":"https:\/\/doity.com.br\/blog\/analista-de-eventos\/","title":{"rendered":"Analista de eventos: saiba tudo tudo sobre essa carreira"},"content":{"rendered":"<p><span style=\"font-weight: 400;\">A realiza\u00e7\u00e3o de um evento pode ser o que uma empresa precisa para atingir alguns objetivos. Se colocar em destaque no mercado, apresentando um novo produto, de modo que poss\u00edveis clientes passem a conhec\u00ea-lo; ou fidelizar ainda mais os que j\u00e1 s\u00e3o consumidores fi\u00e9is de determinado bem ou servi\u00e7o, s\u00e3o alguns exemplos. E se tais objetivos s\u00e3o t\u00e3o importantes, \u00e9 uma boa ideia ter um analista de eventos na equipe de trabalho.<\/span><\/p>\n<p><span style=\"font-weight: 400;\">Esse profissional \u00e9 um multitarefas, que n\u00e3o apenas vai mensurar e analisar os resultados que um evento traz, como o nome j\u00e1 sugere, mas tamb\u00e9m participar ativamente dos processos de organiza\u00e7\u00e3o e execu\u00e7\u00e3o da palestra, congresso, semin\u00e1rio, feira ou <\/span><a href=\"https:\/\/doity.com.br\/blog\/o-que-e-um-evento\/\" target=\"_blank\" rel=\"noopener\"><span style=\"font-weight: 400;\">qualquer outro tipo de evento<\/span><\/a><span style=\"font-weight: 400;\">.\u00a0<\/span><\/p>\n<p><span style=\"font-weight: 400;\">Ent\u00e3o, se voc\u00ea tem interesse em saber mais sobre o assunto e, quem sabe, seguir nessa carreira, temos aqui alguns esclarecimentos que podem te ajudar! \u00c9 s\u00f3 seguir com a leitura para conferir:<\/span><\/p>\n<ul>\n<li style=\"font-weight: 400;\"><strong><a href=\"#funcoes\">As fun\u00e7\u00f5es de um analista de eventos<\/a><\/strong><\/li>\n<li style=\"font-weight: 400;\"><strong><a href=\"#relacao\">A rela\u00e7\u00e3o com a empresa<\/a><\/strong><\/li>\n<li style=\"font-weight: 400;\"><strong><a href=\"#diferencial\">O diferencial deste profissional<\/a><\/strong><\/li>\n<\/ul>\n<h2 id=\"funcoes\"><b>O que um analista de eventos faz?<\/b><\/h2>\n<p><span style=\"font-weight: 400;\">Aqui, j\u00e1 adiantamos que s\u00e3o muitas as fun\u00e7\u00f5es e \u00e9 preciso ser engajado para abra\u00e7ar esta profiss\u00e3o. O processo de organiza\u00e7\u00e3o tem etapas bem amplas, divididas em momentos antes, durante e depois de um evento. E voc\u00ea j\u00e1 deve imaginar que o analista participa ativamente de todas essas etapas, afinal ele <\/span><b>planeja, gerencia e analisa<\/b><span style=\"font-weight: 400;\">, como explicamos agora:<\/span><b>\u00a0<\/b><\/p>\n<ul>\n<li style=\"font-weight: 400;\">\n<h3><strong>Planejar\u00a0<\/strong><\/h3>\n<\/li>\n<\/ul>\n<p><span style=\"font-weight: 400;\">O trabalho come\u00e7a logo no per\u00edodo pr\u00e9-evento. Tra\u00e7ar os <\/span><b>objetivos<\/b><span style=\"font-weight: 400;\"> e o<\/span><b> p\u00fablico-alvo <\/b><span style=\"font-weight: 400;\">s\u00e3o os primeiros passos, seguidos por um <\/span><a href=\"https:\/\/doity.com.br\/blog\/cronograma-de-eventos\/\" target=\"_blank\" rel=\"noopener\"><b>cronograma de atividades<\/b><\/a><span style=\"font-weight: 400;\">, de acordo com o tempo e o dinheiro que se tem dispon\u00edveis at\u00e9 o grande dia.\u00a0<\/span><\/p>\n<p><span style=\"font-weight: 400;\">No planejamento tamb\u00e9m devem ser inclu\u00eddas quest\u00f5es referentes \u00e0 estrutura, e n\u00e3o apenas contando o aluguel de equipamentos como som e ilumina\u00e7\u00e3o, bem como o c\u00e1lculo de pessoas para compor o staff e at\u00e9 mesmo a quantidade de comida que ser\u00e1 necess\u00e1ria para a equipe e os palestrantes, por exemplo.<\/span><\/p>\n<p><a href=\"https:\/\/doity.com.br\/blog\/marketing-de-conteudo-para-eventos\/\" target=\"_blank\" rel=\"noopener\"><b>Estrat\u00e9gias de marketing<\/b><\/a><span style=\"font-weight: 400;\"> tamb\u00e9m passam pelo analista, afinal, ele conhece bem o perfil dos participantes e, portanto, sabe como engaja-los para que se inscrevam e participem. Essa parte, assim, como muitas outras, \u00e9 feita em conjunto. Uma <\/span><b>assessoria<\/b><span style=\"font-weight: 400;\">, por exemplo, atua juntamente nesse plano de a\u00e7\u00f5es voltado para a divulga\u00e7\u00e3o.\u00a0<\/span><\/p>\n<ul>\n<li style=\"font-weight: 400;\">\n<h3><strong>Gerenciar<\/strong><\/h3>\n<\/li>\n<\/ul>\n<p><span style=\"font-weight: 400;\">Quando os planos s\u00e3o tra\u00e7ados \u00e9 hora de come\u00e7ar a agir. E \u00e9 o analista de eventos quem ir\u00e1 ficar encarregado por fazer contato com fornecedores, acompanhar o andamento das vendas de ingressos, bem como contactar os convidados para palestras ou atra\u00e7\u00f5es especiais.\u00a0\u00a0<\/span><\/p>\n<p><span style=\"font-weight: 400;\">J\u00e1 nos dias de atividades, este profissional tamb\u00e9m fica respons\u00e1vel por acompanhar o andamento de tudo e dar suporte em \u00e1reas que possam ter poss\u00edveis car\u00eancias. Ou seja, ele est\u00e1 l\u00e1 como uma pessoa para evitar problemas. Mesmo assim, se eles surgem, \u00e9 preciso gerenciar e resolver a crise.\u00a0<\/span><\/p>\n<ul>\n<li style=\"font-weight: 400;\">\n<h3><strong>Analisar<\/strong><\/h3>\n<\/li>\n<\/ul>\n<p><span style=\"font-weight: 400;\">Al\u00e9m da organiza\u00e7\u00e3o e da execu\u00e7\u00e3o, o analista de eventos tem uma fun\u00e7\u00e3o importante na hora de mensurar os resultados no fim de tudo. Al\u00e9m do lucro, \u00e9 coletado um <\/span><b>feedback<\/b><span style=\"font-weight: 400;\"> com os participantes, para se ter uma no\u00e7\u00e3o do que foi positivo, o que deve ser melhorado nas pr\u00f3ximas edi\u00e7\u00f5es e quantos poss\u00edveis clientes se conquistou.\u00a0<\/span><\/p>\n<p><span style=\"font-weight: 400;\">Esse \u00faltimo detalhe pode ser identificado a partir de <\/span><a href=\"https:\/\/doity.com.br\/blog\/questionario-de-avaliacao-de-evento\/\" target=\"_blank\" rel=\"noopener\"><b>question\u00e1rios<\/b><\/a><span style=\"font-weight: 400;\">, feitos logo ao t\u00e9rmino do encontro ou enviados depois por e-mail, junto com os <\/span><a href=\"https:\/\/doity.com.br\/blog\/certificados-online-como-criar-e-emitir-seu-evento\/\" target=\"_blank\" rel=\"noopener\"><b>certificados<\/b><\/a><span style=\"font-weight: 400;\">; al\u00e9m de cadastros para <\/span><b>newsletter<\/b><span style=\"font-weight: 400;\">, inscri\u00e7\u00e3o em cursos ou at\u00e9 mesmo futuros eventos que j\u00e1 estejam agendados no calend\u00e1rio da empresa.<\/span><\/p>\n<h2 id=\"relacao\"><b>Empresas x analista de eventos: como trabalham<\/b><\/h2>\n<p><span style=\"font-weight: 400;\">H\u00e1 uma postura profissional que deve ser seguida sempre, em qualquer ramo de trabalho. \u00c9 s\u00f3 acompanhar uma empresa para entender que valores e \u00e9tica ela tem. E esses aspectos s\u00e3o cada vez mais levados em conta na hora de contratar algu\u00e9m ou fazer qualquer tipo de a\u00e7\u00e3o junto ao p\u00fablico.\u00a0<\/span><\/p>\n<p><span style=\"font-weight: 400;\">O analista deve se dedicar fortemente \u00e0 miss\u00e3o de passar uma boa imagem da empresa atrav\u00e9s do evento, apresentando produtos e, claro, a cultura e os ideais. Portanto, \u00e9 preciso buscar uma firma que tenha a sua cara. S\u00f3 assim a rotina entre os envolvidos ter\u00e1 bons frutos e far\u00e1 a organiza\u00e7\u00e3o ser um sucesso, concorda?<\/span><\/p>\n<h2 id=\"diferencial\"><b>O que fazer para ser um bom profissional e se diferenciar<\/b><\/h2>\n<p><span style=\"font-weight: 400;\">Um bom analista n\u00e3o \u00e9 formado da maneira tradicional, em uma gradua\u00e7\u00e3o, por exemplo. \u00c9 certo que a maioria sai dos cursos de <\/span><b>comunica\u00e7\u00e3o social<\/b><span style=\"font-weight: 400;\">, como jornalismo, rela\u00e7\u00f5es p\u00fablicas, publicidade e marketing, ou <\/span><b>administra\u00e7\u00e3o<\/b><span style=\"font-weight: 400;\"> e at\u00e9 <\/span><b>turismo<\/b><span style=\"font-weight: 400;\">. Mas o fato \u00e9 que n\u00e3o h\u00e1 regra. O diferencial \u00e9 outro.<\/span><\/p>\n<p><span style=\"font-weight: 400;\">Um profissional de qualidade tem que ser <\/span><b>met\u00f3dico <\/b><span style=\"font-weight: 400;\">para saber gerenciar o evento desde o seu planejamento at\u00e9 a execu\u00e7\u00e3o. Para passar por essas etapas e se dar bem, \u00e9 necess\u00e1rio saber<\/span><b> se comunicar <\/b><span style=\"font-weight: 400;\">de forma eficiente para negociar propostas com fornecedores, convidados e clientes, bem como driblar poss\u00edveis crises.<\/span><\/p>\n<p><span style=\"font-weight: 400;\">Junto a essas caracter\u00edsticas, ser <\/span><b>proativo<\/b><span style=\"font-weight: 400;\"> \u00e9 um requisito, pois quando se trata de organiza\u00e7\u00e3o de um congresso, uma feira, uma confer\u00eancia, ou seja l\u00e1 o que for, isso significa trabalhar em equipe, e, portanto, ajudar os colegas e estar em constante harmonia com outros setores, como marketing e T.I.\u00a0<\/span><\/p>\n<p><span style=\"font-weight: 400;\">Tais qualidades s\u00e3o notadas na conviv\u00eancia, no trabalho. Quando se est\u00e1 buscando algu\u00e9m, o primeiro contato pode dar uma vis\u00e3o de como o candidato ir\u00e1 se comportar. Por isso, tenha foco na hora de se apresentar durante a busca de emprego, pensando na impress\u00e3o que fica.<\/span><\/p>\n<p><span style=\"font-weight: 400;\">E claro que experi\u00eancia e as refer\u00eancias ajudam bastante. Mas tamb\u00e9m h\u00e1 uma vantagem para quem est\u00e1 come\u00e7ando: quem quer entrar no mercado de trabalho, precisa mostrar a que veio, e muitos est\u00e3o cheios de vontade e ideias inovadoras. Quem est\u00e1 no ramo h\u00e1 mais tempo, pode n\u00e3o ter atentado para algumas tend\u00eancias que voc\u00ea, enquanto iniciante, est\u00e1 visualizando.\u00a0<\/span><\/p>\n<p>Ah, e n\u00f3s fizemos um v\u00eddeo que pode te ajudar bastante a entender melhor esse processo do planejamento de eventos e, assim, se destacar no mercado. Clique agora e confira!<\/p>\n\n\n<figure class=\"wp-block-embed is-type-rich is-provider-incorporar-manipulador wp-block-embed-incorporar-manipulador wp-embed-aspect-16-9 wp-has-aspect-ratio\"><div class=\"wp-block-embed__wrapper\">\n<div class=\"nv-iframe-embed\"><iframe title=\"#05 - Planejamento de eventos: tudo o que voc\u00ea precisa saber\" width=\"1200\" height=\"675\" src=\"https:\/\/www.youtube.com\/embed\/vlA5_JjfZCw?feature=oembed\" frameborder=\"0\" allow=\"accelerometer; autoplay; clipboard-write; encrypted-media; gyroscope; picture-in-picture\" allowfullscreen><\/iframe><\/div>\n<\/div><\/figure>\n\n\n\n<p>Se voc\u00ea se identificou com nossos esclarecimentos, esperamos que d\u00ea tudo certo neste trabalho de organizar um evento! E para ter horizontes ainda mais amplos, temos mais uma dica: outra possibilidade na vida do organizador \u00e9 seguir na carreira de <strong>coordenador de eventos<\/strong>. Para saber mais de forma detalhada, \u00e9 s\u00f3 <a href=\"https:\/\/doity.com.br\/blog\/coordenador-de-eventos\/\" target=\"_blank\" rel=\"noreferrer noopener\">clicar aqui<\/a> e conferir nosso post completo!<\/p>\n","protected":false},"excerpt":{"rendered":"<p>A realiza\u00e7\u00e3o de um evento pode ser o que uma empresa precisa para atingir alguns objetivos. Se colocar em destaque no mercado, apresentando um novo produto, de modo que poss\u00edveis clientes passem a conhec\u00ea-lo; ou fidelizar ainda mais os que j\u00e1 s\u00e3o consumidores fi\u00e9is de determinado bem ou servi\u00e7o, s\u00e3o alguns exemplos. E se tais&hellip;&nbsp;<a href=\"https:\/\/doity.com.br\/blog\/analista-de-eventos\/\" class=\"\" rel=\"bookmark\">LER MAIS<span class=\"screen-reader-text\">Analista de eventos: saiba tudo tudo sobre essa carreira<\/span><\/a><\/p>\n","protected":false},"author":7,"featured_media":3757,"comment_status":"open","ping_status":"open","sticky":false,"template":"","format":"standard","meta":{"neve_meta_sidebar":"","neve_meta_container":"","neve_meta_enable_content_width":"","neve_meta_content_width":0,"neve_meta_title_alignment":"","neve_meta_author_avatar":"","neve_post_elements_order":"","neve_meta_disable_header":"","neve_meta_disable_footer":"","neve_meta_disable_title":"","neve_meta_reading_time":""},"categories":[24],"tags":[],"area":[],"yoast_head":"<!-- This site is optimized with the Yoast SEO plugin v17.3 - https:\/\/yoast.com\/wordpress\/plugins\/seo\/ -->\n<title>Analista de eventos: saiba tudo tudo sobre essa carreira - Doity<\/title>\n<meta name=\"description\" content=\"Se comunicar bem, ser organizado e resolver problemas r\u00e1pido s\u00e3o caracter\u00edsticas de um analista de eventos. Descubra se essa pode ser a sua profiss\u00e3o!\" \/>\n<meta name=\"robots\" content=\"index, follow, max-snippet:-1, max-image-preview:large, max-video-preview:-1\" \/>\n<link rel=\"canonical\" href=\"https:\/\/doity.com.br\/blog\/analista-de-eventos\/\" \/>\n<meta property=\"og:locale\" content=\"pt_BR\" \/>\n<meta property=\"og:type\" content=\"article\" \/>\n<meta property=\"og:title\" content=\"Analista de eventos: saiba tudo tudo sobre essa carreira - Doity\" \/>\n<meta property=\"og:description\" content=\"Se comunicar bem, ser organizado e resolver problemas r\u00e1pido s\u00e3o caracter\u00edsticas de um analista de eventos. Descubra se essa pode ser a sua profiss\u00e3o!\" \/>\n<meta property=\"og:url\" content=\"https:\/\/doity.com.br\/blog\/analista-de-eventos\/\" \/>\n<meta property=\"og:site_name\" content=\"Doity\" \/>\n<meta property=\"article:publisher\" content=\"https:\/\/www.facebook.com\/DoityBrasil\" \/>\n<meta property=\"article:published_time\" content=\"2019-11-20T03:00:00+00:00\" \/>\n<meta property=\"article:modified_time\" content=\"2023-02-15T21:54:00+00:00\" \/>\n<meta property=\"og:image\" content=\"https:\/\/doity.com.br\/blog\/app\/uploads\/2022\/05\/analista.png\" \/>\n\t<meta property=\"og:image:width\" content=\"1916\" \/>\n\t<meta property=\"og:image:height\" content=\"534\" \/>\n<meta name=\"twitter:card\" content=\"summary_large_image\" \/>\n<meta name=\"twitter:creator\" content=\"@doitybrasil\" \/>\n<meta name=\"twitter:site\" content=\"@doitybrasil\" \/>\n<meta name=\"twitter:label1\" content=\"Written by\" \/>\n\t<meta name=\"twitter:data1\" content=\"Est\u00e9fane Padilha\" \/>\n\t<meta name=\"twitter:label2\" content=\"Est. reading time\" \/>\n\t<meta name=\"twitter:data2\" content=\"5 minutos\" \/>\n<script type=\"application\/ld+json\" class=\"yoast-schema-graph\">{\"@context\":\"https:\/\/schema.org\",\"@graph\":[{\"@type\":\"Organization\",\"@id\":\"https:\/\/doity.com.br\/blog\/#organization\",\"name\":\"Doity\",\"url\":\"https:\/\/doity.com.br\/blog\/\",\"sameAs\":[\"https:\/\/www.facebook.com\/DoityBrasil\",\"https:\/\/www.instagram.com\/doitybrasil\/\",\"https:\/\/www.linkedin.com\/company\/doity\/\",\"https:\/\/www.youtube.com\/channel\/UC8RThVprzGquY9wp5EbWH2A\",\"https:\/\/twitter.com\/doitybrasil\"],\"logo\":{\"@type\":\"ImageObject\",\"@id\":\"https:\/\/doity.com.br\/blog\/#logo\",\"inLanguage\":\"pt-BR\",\"url\":\"https:\/\/doity.com.br\/blog\/app\/uploads\/2022\/08\/logo-doity-b.png\",\"contentUrl\":\"https:\/\/doity.com.br\/blog\/app\/uploads\/2022\/08\/logo-doity-b.png\",\"width\":800,\"height\":347,\"caption\":\"Doity\"},\"image\":{\"@id\":\"https:\/\/doity.com.br\/blog\/#logo\"}},{\"@type\":\"WebSite\",\"@id\":\"https:\/\/doity.com.br\/blog\/#website\",\"url\":\"https:\/\/doity.com.br\/blog\/\",\"name\":\"Doity\",\"description\":\"\",\"publisher\":{\"@id\":\"https:\/\/doity.com.br\/blog\/#organization\"},\"potentialAction\":[{\"@type\":\"SearchAction\",\"target\":{\"@type\":\"EntryPoint\",\"urlTemplate\":\"https:\/\/doity.com.br\/blog\/?s={search_term_string}\"},\"query-input\":\"required name=search_term_string\"}],\"inLanguage\":\"pt-BR\"},{\"@type\":\"ImageObject\",\"@id\":\"https:\/\/doity.com.br\/blog\/analista-de-eventos\/#primaryimage\",\"inLanguage\":\"pt-BR\",\"url\":\"https:\/\/doity.com.br\/blog\/app\/uploads\/2022\/05\/analista.png\",\"contentUrl\":\"https:\/\/doity.com.br\/blog\/app\/uploads\/2022\/05\/analista.png\",\"width\":1916,\"height\":534,\"caption\":\"Analista de eventos\"},{\"@type\":\"WebPage\",\"@id\":\"https:\/\/doity.com.br\/blog\/analista-de-eventos\/#webpage\",\"url\":\"https:\/\/doity.com.br\/blog\/analista-de-eventos\/\",\"name\":\"Analista de eventos: saiba tudo tudo sobre essa carreira - Doity\",\"isPartOf\":{\"@id\":\"https:\/\/doity.com.br\/blog\/#website\"},\"primaryImageOfPage\":{\"@id\":\"https:\/\/doity.com.br\/blog\/analista-de-eventos\/#primaryimage\"},\"datePublished\":\"2019-11-20T03:00:00+00:00\",\"dateModified\":\"2023-02-15T21:54:00+00:00\",\"description\":\"Se comunicar bem, ser organizado e resolver problemas r\\u00e1pido s\\u00e3o caracter\\u00edsticas de um analista de eventos. Descubra se essa pode ser a sua profiss\\u00e3o!\",\"breadcrumb\":{\"@id\":\"https:\/\/doity.com.br\/blog\/analista-de-eventos\/#breadcrumb\"},\"inLanguage\":\"pt-BR\",\"potentialAction\":[{\"@type\":\"ReadAction\",\"target\":[\"https:\/\/doity.com.br\/blog\/analista-de-eventos\/\"]}]},{\"@type\":\"BreadcrumbList\",\"@id\":\"https:\/\/doity.com.br\/blog\/analista-de-eventos\/#breadcrumb\",\"itemListElement\":[{\"@type\":\"ListItem\",\"position\":1,\"name\":\"blog\",\"item\":\"https:\/\/doity.com.br\/blog\/\"},{\"@type\":\"ListItem\",\"position\":2,\"name\":\"Vida Acad\\u00eamica\",\"item\":\"https:\/\/doity.com.br\/blog\/categoria\/vida-academica\/\"},{\"@type\":\"ListItem\",\"position\":3,\"name\":\"Analista de eventos: saiba tudo tudo sobre essa carreira\"}]},{\"@type\":\"Article\",\"@id\":\"https:\/\/doity.com.br\/blog\/analista-de-eventos\/#article\",\"isPartOf\":{\"@id\":\"https:\/\/doity.com.br\/blog\/analista-de-eventos\/#webpage\"},\"author\":{\"@id\":\"https:\/\/doity.com.br\/blog\/#\/schema\/person\/98f15cec9a93d2be8b47adcefd1d6146\"},\"headline\":\"Analista de eventos: saiba tudo tudo sobre essa carreira\",\"datePublished\":\"2019-11-20T03:00:00+00:00\",\"dateModified\":\"2023-02-15T21:54:00+00:00\",\"mainEntityOfPage\":{\"@id\":\"https:\/\/doity.com.br\/blog\/analista-de-eventos\/#webpage\"},\"wordCount\":1127,\"commentCount\":0,\"publisher\":{\"@id\":\"https:\/\/doity.com.br\/blog\/#organization\"},\"image\":{\"@id\":\"https:\/\/doity.com.br\/blog\/analista-de-eventos\/#primaryimage\"},\"thumbnailUrl\":\"https:\/\/doity.com.br\/blog\/app\/uploads\/2022\/05\/analista.png\",\"articleSection\":[\"Vida Acad\\u00eamica\"],\"inLanguage\":\"pt-BR\",\"potentialAction\":[{\"@type\":\"CommentAction\",\"name\":\"Comment\",\"target\":[\"https:\/\/doity.com.br\/blog\/analista-de-eventos\/#respond\"]}]},{\"@type\":\"Person\",\"@id\":\"https:\/\/doity.com.br\/blog\/#\/schema\/person\/98f15cec9a93d2be8b47adcefd1d6146\",\"name\":\"Est\\u00e9fane Padilha\",\"image\":{\"@type\":\"ImageObject\",\"@id\":\"https:\/\/doity.com.br\/blog\/#personlogo\",\"inLanguage\":\"pt-BR\",\"url\":\"https:\/\/secure.gravatar.com\/avatar\/ff42ce2f4eb1a7b5abaf577b35ce13fa?s=96&d=mm&r=g\",\"contentUrl\":\"https:\/\/secure.gravatar.com\/avatar\/ff42ce2f4eb1a7b5abaf577b35ce13fa?s=96&d=mm&r=g\",\"caption\":\"Est\\u00e9fane Padilha\"},\"description\":\"Jornalista e colaboradora do Doity Team. Mora em Col\\u00f4nia, na Alemanha, onde estuda, trabalha e \\u00e9 volunt\\u00e1ria no FC K\\u00f6ln, clube de futebol da cidade\"}]}<\/script>\n<!-- \/ Yoast SEO plugin. -->","yoast_head_json":{"title":"Analista de eventos: saiba tudo tudo sobre essa carreira - Doity","description":"Se comunicar bem, ser organizado e resolver problemas r\u00e1pido s\u00e3o caracter\u00edsticas de um analista de eventos. Descubra se essa pode ser a sua profiss\u00e3o!","robots":{"index":"index","follow":"follow","max-snippet":"max-snippet:-1","max-image-preview":"max-image-preview:large","max-video-preview":"max-video-preview:-1"},"canonical":"https:\/\/doity.com.br\/blog\/analista-de-eventos\/","og_locale":"pt_BR","og_type":"article","og_title":"Analista de eventos: saiba tudo tudo sobre essa carreira - Doity","og_description":"Se comunicar bem, ser organizado e resolver problemas r\u00e1pido s\u00e3o caracter\u00edsticas de um analista de eventos. Descubra se essa pode ser a sua profiss\u00e3o!","og_url":"https:\/\/doity.com.br\/blog\/analista-de-eventos\/","og_site_name":"Doity","article_publisher":"https:\/\/www.facebook.com\/DoityBrasil","article_published_time":"2019-11-20T03:00:00+00:00","article_modified_time":"2023-02-15T21:54:00+00:00","og_image":[{"width":1916,"height":534,"url":"https:\/\/doity.com.br\/blog\/app\/uploads\/2022\/05\/analista.png","type":"image\/png"}],"twitter_card":"summary_large_image","twitter_creator":"@doitybrasil","twitter_site":"@doitybrasil","twitter_misc":{"Written by":"Est\u00e9fane Padilha","Est. reading time":"5 minutos"},"schema":{"@context":"https:\/\/schema.org","@graph":[{"@type":"Organization","@id":"https:\/\/doity.com.br\/blog\/#organization","name":"Doity","url":"https:\/\/doity.com.br\/blog\/","sameAs":["https:\/\/www.facebook.com\/DoityBrasil","https:\/\/www.instagram.com\/doitybrasil\/","https:\/\/www.linkedin.com\/company\/doity\/","https:\/\/www.youtube.com\/channel\/UC8RThVprzGquY9wp5EbWH2A","https:\/\/twitter.com\/doitybrasil"],"logo":{"@type":"ImageObject","@id":"https:\/\/doity.com.br\/blog\/#logo","inLanguage":"pt-BR","url":"https:\/\/doity.com.br\/blog\/app\/uploads\/2022\/08\/logo-doity-b.png","contentUrl":"https:\/\/doity.com.br\/blog\/app\/uploads\/2022\/08\/logo-doity-b.png","width":800,"height":347,"caption":"Doity"},"image":{"@id":"https:\/\/doity.com.br\/blog\/#logo"}},{"@type":"WebSite","@id":"https:\/\/doity.com.br\/blog\/#website","url":"https:\/\/doity.com.br\/blog\/","name":"Doity","description":"","publisher":{"@id":"https:\/\/doity.com.br\/blog\/#organization"},"potentialAction":[{"@type":"SearchAction","target":{"@type":"EntryPoint","urlTemplate":"https:\/\/doity.com.br\/blog\/?s={search_term_string}"},"query-input":"required name=search_term_string"}],"inLanguage":"pt-BR"},{"@type":"ImageObject","@id":"https:\/\/doity.com.br\/blog\/analista-de-eventos\/#primaryimage","inLanguage":"pt-BR","url":"https:\/\/doity.com.br\/blog\/app\/uploads\/2022\/05\/analista.png","contentUrl":"https:\/\/doity.com.br\/blog\/app\/uploads\/2022\/05\/analista.png","width":1916,"height":534,"caption":"Analista de eventos"},{"@type":"WebPage","@id":"https:\/\/doity.com.br\/blog\/analista-de-eventos\/#webpage","url":"https:\/\/doity.com.br\/blog\/analista-de-eventos\/","name":"Analista de eventos: saiba tudo tudo sobre essa carreira - Doity","isPartOf":{"@id":"https:\/\/doity.com.br\/blog\/#website"},"primaryImageOfPage":{"@id":"https:\/\/doity.com.br\/blog\/analista-de-eventos\/#primaryimage"},"datePublished":"2019-11-20T03:00:00+00:00","dateModified":"2023-02-15T21:54:00+00:00","description":"Se comunicar bem, ser organizado e resolver problemas r\u00e1pido s\u00e3o caracter\u00edsticas de um analista de eventos. Descubra se essa pode ser a sua profiss\u00e3o!","breadcrumb":{"@id":"https:\/\/doity.com.br\/blog\/analista-de-eventos\/#breadcrumb"},"inLanguage":"pt-BR","potentialAction":[{"@type":"ReadAction","target":["https:\/\/doity.com.br\/blog\/analista-de-eventos\/"]}]},{"@type":"BreadcrumbList","@id":"https:\/\/doity.com.br\/blog\/analista-de-eventos\/#breadcrumb","itemListElement":[{"@type":"ListItem","position":1,"name":"blog","item":"https:\/\/doity.com.br\/blog\/"},{"@type":"ListItem","position":2,"name":"Vida Acad\u00eamica","item":"https:\/\/doity.com.br\/blog\/categoria\/vida-academica\/"},{"@type":"ListItem","position":3,"name":"Analista de eventos: saiba tudo tudo sobre essa carreira"}]},{"@type":"Article","@id":"https:\/\/doity.com.br\/blog\/analista-de-eventos\/#article","isPartOf":{"@id":"https:\/\/doity.com.br\/blog\/analista-de-eventos\/#webpage"},"author":{"@id":"https:\/\/doity.com.br\/blog\/#\/schema\/person\/98f15cec9a93d2be8b47adcefd1d6146"},"headline":"Analista de eventos: saiba tudo tudo sobre essa carreira","datePublished":"2019-11-20T03:00:00+00:00","dateModified":"2023-02-15T21:54:00+00:00","mainEntityOfPage":{"@id":"https:\/\/doity.com.br\/blog\/analista-de-eventos\/#webpage"},"wordCount":1127,"commentCount":0,"publisher":{"@id":"https:\/\/doity.com.br\/blog\/#organization"},"image":{"@id":"https:\/\/doity.com.br\/blog\/analista-de-eventos\/#primaryimage"},"thumbnailUrl":"https:\/\/doity.com.br\/blog\/app\/uploads\/2022\/05\/analista.png","articleSection":["Vida Acad\u00eamica"],"inLanguage":"pt-BR","potentialAction":[{"@type":"CommentAction","name":"Comment","target":["https:\/\/doity.com.br\/blog\/analista-de-eventos\/#respond"]}]},{"@type":"Person","@id":"https:\/\/doity.com.br\/blog\/#\/schema\/person\/98f15cec9a93d2be8b47adcefd1d6146","name":"Est\u00e9fane Padilha","image":{"@type":"ImageObject","@id":"https:\/\/doity.com.br\/blog\/#personlogo","inLanguage":"pt-BR","url":"https:\/\/secure.gravatar.com\/avatar\/ff42ce2f4eb1a7b5abaf577b35ce13fa?s=96&d=mm&r=g","contentUrl":"https:\/\/secure.gravatar.com\/avatar\/ff42ce2f4eb1a7b5abaf577b35ce13fa?s=96&d=mm&r=g","caption":"Est\u00e9fane Padilha"},"description":"Jornalista e colaboradora do Doity Team. Mora em Col\u00f4nia, na Alemanha, onde estuda, trabalha e \u00e9 volunt\u00e1ria no FC K\u00f6ln, clube de futebol da cidade"}]}},"_links":{"self":[{"href":"https:\/\/doity.com.br\/blog\/wp-json\/wp\/v2\/posts\/2241"}],"collection":[{"href":"https:\/\/doity.com.br\/blog\/wp-json\/wp\/v2\/posts"}],"about":[{"href":"https:\/\/doity.com.br\/blog\/wp-json\/wp\/v2\/types\/post"}],"author":[{"embeddable":true,"href":"https:\/\/doity.com.br\/blog\/wp-json\/wp\/v2\/users\/7"}],"replies":[{"embeddable":true,"href":"https:\/\/doity.com.br\/blog\/wp-json\/wp\/v2\/comments?post=2241"}],"version-history":[{"count":2,"href":"https:\/\/doity.com.br\/blog\/wp-json\/wp\/v2\/posts\/2241\/revisions"}],"predecessor-version":[{"id":4835,"href":"https:\/\/doity.com.br\/blog\/wp-json\/wp\/v2\/posts\/2241\/revisions\/4835"}],"wp:featuredmedia":[{"embeddable":true,"href":"https:\/\/doity.com.br\/blog\/wp-json\/wp\/v2\/media\/3757"}],"wp:attachment":[{"href":"https:\/\/doity.com.br\/blog\/wp-json\/wp\/v2\/media?parent=2241"}],"wp:term":[{"taxonomy":"category","embeddable":true,"href":"https:\/\/doity.com.br\/blog\/wp-json\/wp\/v2\/categories?post=2241"},{"taxonomy":"post_tag","embeddable":true,"href":"https:\/\/doity.com.br\/blog\/wp-json\/wp\/v2\/tags?post=2241"},{"taxonomy":"area","embeddable":true,"href":"https:\/\/doity.com.br\/blog\/wp-json\/wp\/v2\/area?post=2241"}],"curies":[{"name":"wp","href":"https:\/\/api.w.org\/{rel}","templated":true}]}}