{"id":2258,"date":"2020-02-06T00:00:00","date_gmt":"2020-02-06T03:00:00","guid":{"rendered":"https:\/\/doity.com.br\/blog\/profissional-de-eventos\/"},"modified":"2023-02-15T18:53:59","modified_gmt":"2023-02-15T21:53:59","slug":"profissional-de-eventos","status":"publish","type":"post","link":"https:\/\/doity.com.br\/blog\/profissional-de-eventos\/","title":{"rendered":"Descubra tudo o que um profissional de eventos pode fazer!"},"content":{"rendered":"<p><span style=\"font-weight: 400;\">Por tr\u00e1s de todo evento h\u00e1 sempre uma equipe dedicada e que corre bastante para dar conta de todas as demandas. Por tr\u00e1s de toda equipe h\u00e1 sempre um profissional de eventos que come\u00e7a a trabalhar muito antes de todo mundo e que continuar\u00e1 trabalhando depois que o evento terminar.<\/span><\/p>\n<p><span style=\"font-weight: 400;\">Ele \u00e9 essencial para o bom andamento de todas as tarefas da organiza\u00e7\u00e3o, pois trabalha diretamente com o planejamento estrat\u00e9gico do evento, o acompanhamento das a\u00e7\u00f5es e a coordena\u00e7\u00e3o de toda a equipe, parceiros e fornecedores.<\/span><\/p>\n<p><span style=\"font-weight: 400;\">E para dar conta de todas essas demandas, o profissional de eventos precisa quase que \u201cse virar nos 30\u201d e desempenhar fun\u00e7\u00f5es distintas para atender \u00e0s expectativas. E \u00e9 sobre isso que vamos falar nesse texto. Preparado?<\/span><\/p>\n<ul>\n<li><a href=\"#faz\"><b>O que um profissional de eventos faz<\/b><\/a><\/li>\n<\/ul>\n<ul>\n<li><strong><a href=\"#funcoes\">Quais fun\u00e7\u00f5es um profissional de eventos desempenha<\/a><\/strong><\/li>\n<\/ul>\n<ul>\n<li><strong><a href=\"#dia\">Conhe\u00e7a o dia do profissional de eventos<\/a><\/strong><\/li>\n<\/ul>\n<h2 id=\"faz\"><b>O que o profissional de eventos faz?<\/b><\/h2>\n<p><span style=\"font-weight: 400;\">S\u00e3o tantos os pap\u00e9is que ele acaba assumindo, que chega a ser complicado definir, com precis\u00e3o, o que ele faz, pois corremos o risco de esquecer algumas das suas muitas atribui\u00e7\u00f5es.\u00a0<\/span><\/p>\n<p><span style=\"font-weight: 400;\">Mas de maneira geral podemos dizer que sua miss\u00e3o como profissional de eventos \u00e9 conduzir toda a <\/span><a href=\"https:\/\/doity.com.br\/blog\/organizacao-de-eventos\/\" target=\"_blank\" rel=\"noopener\"><span style=\"font-weight: 400;\">organiza\u00e7\u00e3o do evento<\/span><\/a><span style=\"font-weight: 400;\">, desde a fase estrat\u00e9gica, o desenvolvimento do planejamento, log\u00edstica e, claro, a execu\u00e7\u00e3o de cada tarefa. Ele \u00e9 o respons\u00e1vel por ditar o ritmo de atua\u00e7\u00e3o da equipe &#8211; ou seja, a responsabilidade \u00e9 enorme!\u00a0<\/span><\/p>\n<p><span style=\"font-weight: 400;\">Percebeu que proatividade \u00e9 a palavra que mais se encaixa na defini\u00e7\u00e3o desse profissional, que precisa estar <\/span><a href=\"https:\/\/doity.com.br\/blog\/cursos-de-organizacao-de-eventos\/\" target=\"_blank\" rel=\"noopener\"><span style=\"font-weight: 400;\">sempre aprendendo e se reinventando<\/span><\/a><span style=\"font-weight: 400;\">? Mas ele n\u00e3o trabalha sozinho, h\u00e1 uma entidade encarregada de <\/span><span style=\"font-weight: 400;\">orientar e coordenar empresas organizadoras e prestadoras de servi\u00e7os para eventos e os seus profissionais, a Associa\u00e7\u00e3o Brasileira de Empresas de Eventos (<\/span><a href=\"https:\/\/abeoc.org.br\/\" target=\"_blank\" rel=\"noopener\"><span style=\"font-weight: 400;\">ABEOC<\/span><\/a><span style=\"font-weight: 400;\">). Vale a pena conhecer melhor todo esse universo da realiza\u00e7\u00e3o de eventos, e assim descobrir todas as suas possibilidades de atua\u00e7\u00e3o.<\/span><\/p>\n<p><span style=\"font-weight: 400;\">E diante de tanta responsabilidade e demandas \u00e9 importante buscar meios para ajudar na organiza\u00e7\u00e3o. Por isso, fizemos a planilha logo abaixo, pensada para atender suas necessidades!<\/span><\/p>\n<p><b><div class=\"linha_banner_cta\" style=\"background-image: url(https:\/\/doity.com.br\/blog\/app\/uploads\/2018\/10\/planilha-planejamento-2.png);\"><div class=\"linha_banner_title_text text-cta-left\"><h6>Organize seu evento desde o planejamento \u00e0 execu\u00e7\u00e3o<\/h6><p>Uma planilha completa para te ajudar a organizar e acompanhar todas as etapas do evento e garantir que ele seja um sucesso!<\/p><a href=\"https:\/\/materiais.doity.com.br\/planilha-para-planejamento-de-eventos?utm_source=blog&utm_medium=materiais\" class=\"cta-post-link\" target=\"blank\">Baixe aqui<\/a><\/div><div class=\"linha_banner_email_cta\"><\/div><\/div><\/b><\/p>\n<h2 id=\"funcoes\"><b>Quais fun\u00e7\u00f5es um profissional de eventos pode desempenhar?<\/b><\/h2>\n<p><span style=\"font-weight: 400;\">Toda a versatilidade de um profissional de eventos fica evidente quando paramos para nomear as mais diversas fun\u00e7\u00f5es que ele consegue desempenhar. Para facilitar o entendimento, listamos abaixo algumas das mais utilizadas:\u00a0<\/span><b><\/b><\/p>\n<ul>\n<li>\n<h3><b>O profissional de eventos como organizador<\/b><\/h3>\n<\/li>\n<\/ul>\n<p><span style=\"font-weight: 400;\">Como <\/span><a href=\"https:\/\/doity.com.br\/blog\/organizador-de-eventos\/\" target=\"_blank\" rel=\"noopener\"><span style=\"font-weight: 400;\">organizador<\/span><\/a><span style=\"font-weight: 400;\">, o profissional de eventos assume a responsabilidade por toda a organiza\u00e7\u00e3o e suas etapas. Gerir a equipe, distribuir tarefas, entrar em contato com fornecedores, marcar reuni\u00f5es, fazer vistoria no local do evento, definir identidade visual, organizar e monitorar o or\u00e7amento s\u00e3o algumas dessas responsabilidades.\u00a0<\/span><b><\/b><\/p>\n<ul>\n<li>\n<h3><b>O profissional de eventos como coordenador<\/b><\/h3>\n<\/li>\n<\/ul>\n<p><span style=\"font-weight: 400;\">Enquanto coordenador, o profissional de eventos desempenha fun\u00e7\u00f5es similares ao organizador, sendo que ele atua com mais frequ\u00eancia no dia a dia da equipe e das a\u00e7\u00f5es pr\u00e1ticas do evento.<\/span><b><\/b><\/p>\n<ul>\n<li>\n<h3><b>O profissional de eventos como produtor<\/b><\/h3>\n<\/li>\n<\/ul>\n<p><span style=\"font-weight: 400;\">Seguindo a mesma linha de trabalho dos outros dois perfis, o produtor trabalha nos bastidores dos evento, pensando e definindo toda a programa\u00e7\u00e3o, elabora\u00e7\u00e3o do plano de marketing e divulga\u00e7\u00e3o, negociando com os fornecedores para os mais diferentes tipos de servi\u00e7os.\u00a0<\/span><b><\/b><\/p>\n<ul>\n<li>\n<h3><b>O profissional de eventos como analista<\/b><\/h3>\n<\/li>\n<\/ul>\n<p><span style=\"font-weight: 400;\">Atuando como analista, o profissional de eventos se coloca numa posi\u00e7\u00e3o um pouco mais estrat\u00e9gica, dividindo, na maioria das vezes, a coordena\u00e7\u00e3o com outra pessoa, que atua na parte pr\u00e1tica das a\u00e7\u00f5es. Essa tarefa exige uma maior dedica\u00e7\u00e3o, pois o analista vai mensurar resultados, planejar e gerenciar todo o projeto do evento, ver qual a necessidade de apoio e correr atr\u00e1s disso.<\/span><b><\/b><\/p>\n<ul>\n<li>\n<h3><b>O profissional de eventos como assessor<\/b><\/h3>\n<\/li>\n<\/ul>\n<p><span style=\"font-weight: 400;\">Como assessor, o profissional de eventos tem uma atua\u00e7\u00e3o mais efetiva no acompanhamento dos servi\u00e7os e contrata\u00e7\u00e3o dos fornecedores. Seu principal objetivo \u00e9 cuidar para que nada falte durante os dias do evento e assim, tanto o andamento da organiza\u00e7\u00e3o, quanto a experi\u00eancia do participante sejam excelentes!<\/span><\/p>\n<h2><b>#CuriosidadesDoity<\/b><\/h2>\n<h3 id=\"dia\"><b>Voc\u00ea sabia que tem o dia do profissional de eventos no Brasil?<\/b><\/h3>\n<p><span style=\"font-weight: 400;\">Desde o ano de 2014 que 30 de abril passou a ser, oficialmente, o dia do profissional de eventos aqui no Brasil. A data escolhida \u00e9 uma homenagem a Caio de Alc\u00e2ntara Machado &#8211; o dia do seu anivers\u00e1rio -, um publicit\u00e1rio de forma\u00e7\u00e3o, que organizou diversos eventos ao longo de sua vida, considerado pioneiro desse mercado no pa\u00eds e que tamb\u00e9m fundou a maior empresa de organiza\u00e7\u00e3o de feiras da Am\u00e9rica Latina.\u00a0<\/span><\/p>\n<p><span style=\"font-weight: 400;\">Deu para perceber que o profissional de eventos \u00e9 aquele que sempre se reinventa e faz de tudo um pouco para melhorar a experi\u00eancia dos participantes, n\u00e3o \u00e9? E para saber como fazer eventos ainda mais incr\u00edveis \u00e9 s\u00f3 baixar esse e-book gratuito sobre Design de Experi\u00eancia em eventos. Voc\u00ea vai se surpreender!<\/span><\/p>\n<p><b><div class=\"linha_banner_cta\" style=\"background-image: url(https:\/\/doity.com.br\/blog\/app\/uploads\/2019\/01\/ctasaComo-aumentar-as-vendas.png);\"><div class=\"linha_banner_email_cta\"><\/div><div class=\"linha_banner_title_text text-cta-right\"><h6>Transforme seu evento numa experi\u00eancia inesquec\u00edvel!<\/h6><p>Descubra aqui as vantagens e como utilizar o Design de Experi\u00eancia para Eventos<\/p><a href=\"https:\/\/materiais.doity.com.br\/ebook-design-de-experiencia-para-eventos?utm_source=blog&utm_medium=cta_materiais\" class=\"cta-post-link\" target=\"blank\">Baixe aqui<\/a><\/div><\/div><\/b><\/p>\n","protected":false},"excerpt":{"rendered":"<p>Por tr\u00e1s de todo evento h\u00e1 sempre uma equipe dedicada e que corre bastante para dar conta de todas as demandas. Por tr\u00e1s de toda equipe h\u00e1 sempre um profissional de eventos que come\u00e7a a trabalhar muito antes de todo mundo e que continuar\u00e1 trabalhando depois que o evento terminar. Ele \u00e9 essencial para o&hellip;&nbsp;<a href=\"https:\/\/doity.com.br\/blog\/profissional-de-eventos\/\" class=\"\" rel=\"bookmark\">LER MAIS<span class=\"screen-reader-text\">Descubra tudo o que um profissional de eventos pode fazer!<\/span><\/a><\/p>\n","protected":false},"author":4,"featured_media":3769,"comment_status":"open","ping_status":"open","sticky":false,"template":"","format":"standard","meta":{"neve_meta_sidebar":"","neve_meta_container":"","neve_meta_enable_content_width":"","neve_meta_content_width":0,"neve_meta_title_alignment":"","neve_meta_author_avatar":"","neve_post_elements_order":"","neve_meta_disable_header":"","neve_meta_disable_footer":"","neve_meta_disable_title":"","neve_meta_reading_time":""},"categories":[35],"tags":[],"area":[],"yoast_head":"<!-- This site is optimized with the Yoast SEO plugin v17.3 - https:\/\/yoast.com\/wordpress\/plugins\/seo\/ -->\n<title>Descubra tudo o que um profissional de eventos pode fazer! - Doity<\/title>\n<meta name=\"description\" content=\"Neste texto n\u00f3s falamos sobre as diferentes atribui\u00e7\u00f5es que o profissional de eventos desempenha ao longo de toda organiza\u00e7\u00e3o. Confira!\" \/>\n<meta name=\"robots\" content=\"index, follow, max-snippet:-1, max-image-preview:large, max-video-preview:-1\" \/>\n<link rel=\"canonical\" href=\"https:\/\/doity.com.br\/blog\/profissional-de-eventos\/\" \/>\n<meta property=\"og:locale\" content=\"pt_BR\" \/>\n<meta property=\"og:type\" content=\"article\" \/>\n<meta property=\"og:title\" content=\"Descubra tudo o que um profissional de eventos pode fazer! - Doity\" \/>\n<meta property=\"og:description\" content=\"Neste texto n\u00f3s falamos sobre as diferentes atribui\u00e7\u00f5es que o profissional de eventos desempenha ao longo de toda organiza\u00e7\u00e3o. Confira!\" \/>\n<meta property=\"og:url\" content=\"https:\/\/doity.com.br\/blog\/profissional-de-eventos\/\" \/>\n<meta property=\"og:site_name\" content=\"Doity\" \/>\n<meta property=\"article:publisher\" content=\"https:\/\/www.facebook.com\/DoityBrasil\" \/>\n<meta property=\"article:published_time\" content=\"2020-02-06T03:00:00+00:00\" \/>\n<meta property=\"article:modified_time\" content=\"2023-02-15T21:53:59+00:00\" \/>\n<meta property=\"og:image\" content=\"https:\/\/doity.com.br\/blog\/app\/uploads\/2022\/05\/Descubra-tudo-o-que-um-profissional-de-eventos-pode-fazer.png\" \/>\n\t<meta property=\"og:image:width\" content=\"1916\" \/>\n\t<meta property=\"og:image:height\" content=\"534\" \/>\n<meta name=\"twitter:card\" content=\"summary_large_image\" \/>\n<meta name=\"twitter:creator\" content=\"@doitybrasil\" \/>\n<meta name=\"twitter:site\" content=\"@doitybrasil\" \/>\n<meta name=\"twitter:label1\" content=\"Written by\" \/>\n\t<meta name=\"twitter:data1\" content=\"Aline Braz\" \/>\n\t<meta name=\"twitter:label2\" content=\"Est. reading time\" \/>\n\t<meta name=\"twitter:data2\" content=\"4 minutos\" \/>\n<script type=\"application\/ld+json\" class=\"yoast-schema-graph\">{\"@context\":\"https:\/\/schema.org\",\"@graph\":[{\"@type\":\"Organization\",\"@id\":\"https:\/\/doity.com.br\/blog\/#organization\",\"name\":\"Doity\",\"url\":\"https:\/\/doity.com.br\/blog\/\",\"sameAs\":[\"https:\/\/www.facebook.com\/DoityBrasil\",\"https:\/\/www.instagram.com\/doitybrasil\/\",\"https:\/\/www.linkedin.com\/company\/doity\/\",\"https:\/\/www.youtube.com\/channel\/UC8RThVprzGquY9wp5EbWH2A\",\"https:\/\/twitter.com\/doitybrasil\"],\"logo\":{\"@type\":\"ImageObject\",\"@id\":\"https:\/\/doity.com.br\/blog\/#logo\",\"inLanguage\":\"pt-BR\",\"url\":\"https:\/\/doity.com.br\/blog\/app\/uploads\/2022\/08\/logo-doity-b.png\",\"contentUrl\":\"https:\/\/doity.com.br\/blog\/app\/uploads\/2022\/08\/logo-doity-b.png\",\"width\":800,\"height\":347,\"caption\":\"Doity\"},\"image\":{\"@id\":\"https:\/\/doity.com.br\/blog\/#logo\"}},{\"@type\":\"WebSite\",\"@id\":\"https:\/\/doity.com.br\/blog\/#website\",\"url\":\"https:\/\/doity.com.br\/blog\/\",\"name\":\"Doity\",\"description\":\"\",\"publisher\":{\"@id\":\"https:\/\/doity.com.br\/blog\/#organization\"},\"potentialAction\":[{\"@type\":\"SearchAction\",\"target\":{\"@type\":\"EntryPoint\",\"urlTemplate\":\"https:\/\/doity.com.br\/blog\/?s={search_term_string}\"},\"query-input\":\"required name=search_term_string\"}],\"inLanguage\":\"pt-BR\"},{\"@type\":\"ImageObject\",\"@id\":\"https:\/\/doity.com.br\/blog\/profissional-de-eventos\/#primaryimage\",\"inLanguage\":\"pt-BR\",\"url\":\"https:\/\/doity.com.br\/blog\/app\/uploads\/2022\/05\/Descubra-tudo-o-que-um-profissional-de-eventos-pode-fazer.png\",\"contentUrl\":\"https:\/\/doity.com.br\/blog\/app\/uploads\/2022\/05\/Descubra-tudo-o-que-um-profissional-de-eventos-pode-fazer.png\",\"width\":1916,\"height\":534,\"caption\":\"Profissional de eventos\"},{\"@type\":\"WebPage\",\"@id\":\"https:\/\/doity.com.br\/blog\/profissional-de-eventos\/#webpage\",\"url\":\"https:\/\/doity.com.br\/blog\/profissional-de-eventos\/\",\"name\":\"Descubra tudo o que um profissional de eventos pode fazer! - Doity\",\"isPartOf\":{\"@id\":\"https:\/\/doity.com.br\/blog\/#website\"},\"primaryImageOfPage\":{\"@id\":\"https:\/\/doity.com.br\/blog\/profissional-de-eventos\/#primaryimage\"},\"datePublished\":\"2020-02-06T03:00:00+00:00\",\"dateModified\":\"2023-02-15T21:53:59+00:00\",\"description\":\"Neste texto n\\u00f3s falamos sobre as diferentes atribui\\u00e7\\u00f5es que o profissional de eventos desempenha ao longo de toda organiza\\u00e7\\u00e3o. Confira!\",\"breadcrumb\":{\"@id\":\"https:\/\/doity.com.br\/blog\/profissional-de-eventos\/#breadcrumb\"},\"inLanguage\":\"pt-BR\",\"potentialAction\":[{\"@type\":\"ReadAction\",\"target\":[\"https:\/\/doity.com.br\/blog\/profissional-de-eventos\/\"]}]},{\"@type\":\"BreadcrumbList\",\"@id\":\"https:\/\/doity.com.br\/blog\/profissional-de-eventos\/#breadcrumb\",\"itemListElement\":[{\"@type\":\"ListItem\",\"position\":1,\"name\":\"blog\",\"item\":\"https:\/\/doity.com.br\/blog\/\"},{\"@type\":\"ListItem\",\"position\":2,\"name\":\"Organizar Eventos\",\"item\":\"https:\/\/doity.com.br\/blog\/categoria\/organizar-eventos\/\"},{\"@type\":\"ListItem\",\"position\":3,\"name\":\"Descubra tudo o que um profissional de eventos pode fazer!\"}]},{\"@type\":\"Article\",\"@id\":\"https:\/\/doity.com.br\/blog\/profissional-de-eventos\/#article\",\"isPartOf\":{\"@id\":\"https:\/\/doity.com.br\/blog\/profissional-de-eventos\/#webpage\"},\"author\":{\"@id\":\"https:\/\/doity.com.br\/blog\/#\/schema\/person\/5edc79503cb79e441be3265d147a176f\"},\"headline\":\"Descubra tudo o que um profissional de eventos pode fazer!\",\"datePublished\":\"2020-02-06T03:00:00+00:00\",\"dateModified\":\"2023-02-15T21:53:59+00:00\",\"mainEntityOfPage\":{\"@id\":\"https:\/\/doity.com.br\/blog\/profissional-de-eventos\/#webpage\"},\"wordCount\":838,\"commentCount\":0,\"publisher\":{\"@id\":\"https:\/\/doity.com.br\/blog\/#organization\"},\"image\":{\"@id\":\"https:\/\/doity.com.br\/blog\/profissional-de-eventos\/#primaryimage\"},\"thumbnailUrl\":\"https:\/\/doity.com.br\/blog\/app\/uploads\/2022\/05\/Descubra-tudo-o-que-um-profissional-de-eventos-pode-fazer.png\",\"articleSection\":[\"Organizar Eventos\"],\"inLanguage\":\"pt-BR\",\"potentialAction\":[{\"@type\":\"CommentAction\",\"name\":\"Comment\",\"target\":[\"https:\/\/doity.com.br\/blog\/profissional-de-eventos\/#respond\"]}]},{\"@type\":\"Person\",\"@id\":\"https:\/\/doity.com.br\/blog\/#\/schema\/person\/5edc79503cb79e441be3265d147a176f\",\"name\":\"Aline Braz\",\"image\":{\"@type\":\"ImageObject\",\"@id\":\"https:\/\/doity.com.br\/blog\/#personlogo\",\"inLanguage\":\"pt-BR\",\"url\":\"https:\/\/secure.gravatar.com\/avatar\/5581f75384275e9fdf027537fae34a00?s=96&d=mm&r=g\",\"contentUrl\":\"https:\/\/secure.gravatar.com\/avatar\/5581f75384275e9fdf027537fae34a00?s=96&d=mm&r=g\",\"caption\":\"Aline Braz\"},\"description\":\"Jornalista e produtora de conte\\u00fado, movida pela curiosidade e pelo que h\\u00e1 de novo no mundo dos eventos. Apaixonada por m\\u00fasica, livros e viagens!\"}]}<\/script>\n<!-- \/ Yoast SEO plugin. -->","yoast_head_json":{"title":"Descubra tudo o que um profissional de eventos pode fazer! - Doity","description":"Neste texto n\u00f3s falamos sobre as diferentes atribui\u00e7\u00f5es que o profissional de eventos desempenha ao longo de toda organiza\u00e7\u00e3o. Confira!","robots":{"index":"index","follow":"follow","max-snippet":"max-snippet:-1","max-image-preview":"max-image-preview:large","max-video-preview":"max-video-preview:-1"},"canonical":"https:\/\/doity.com.br\/blog\/profissional-de-eventos\/","og_locale":"pt_BR","og_type":"article","og_title":"Descubra tudo o que um profissional de eventos pode fazer! - Doity","og_description":"Neste texto n\u00f3s falamos sobre as diferentes atribui\u00e7\u00f5es que o profissional de eventos desempenha ao longo de toda organiza\u00e7\u00e3o. Confira!","og_url":"https:\/\/doity.com.br\/blog\/profissional-de-eventos\/","og_site_name":"Doity","article_publisher":"https:\/\/www.facebook.com\/DoityBrasil","article_published_time":"2020-02-06T03:00:00+00:00","article_modified_time":"2023-02-15T21:53:59+00:00","og_image":[{"width":1916,"height":534,"url":"https:\/\/doity.com.br\/blog\/app\/uploads\/2022\/05\/Descubra-tudo-o-que-um-profissional-de-eventos-pode-fazer.png","type":"image\/png"}],"twitter_card":"summary_large_image","twitter_creator":"@doitybrasil","twitter_site":"@doitybrasil","twitter_misc":{"Written by":"Aline Braz","Est. reading time":"4 minutos"},"schema":{"@context":"https:\/\/schema.org","@graph":[{"@type":"Organization","@id":"https:\/\/doity.com.br\/blog\/#organization","name":"Doity","url":"https:\/\/doity.com.br\/blog\/","sameAs":["https:\/\/www.facebook.com\/DoityBrasil","https:\/\/www.instagram.com\/doitybrasil\/","https:\/\/www.linkedin.com\/company\/doity\/","https:\/\/www.youtube.com\/channel\/UC8RThVprzGquY9wp5EbWH2A","https:\/\/twitter.com\/doitybrasil"],"logo":{"@type":"ImageObject","@id":"https:\/\/doity.com.br\/blog\/#logo","inLanguage":"pt-BR","url":"https:\/\/doity.com.br\/blog\/app\/uploads\/2022\/08\/logo-doity-b.png","contentUrl":"https:\/\/doity.com.br\/blog\/app\/uploads\/2022\/08\/logo-doity-b.png","width":800,"height":347,"caption":"Doity"},"image":{"@id":"https:\/\/doity.com.br\/blog\/#logo"}},{"@type":"WebSite","@id":"https:\/\/doity.com.br\/blog\/#website","url":"https:\/\/doity.com.br\/blog\/","name":"Doity","description":"","publisher":{"@id":"https:\/\/doity.com.br\/blog\/#organization"},"potentialAction":[{"@type":"SearchAction","target":{"@type":"EntryPoint","urlTemplate":"https:\/\/doity.com.br\/blog\/?s={search_term_string}"},"query-input":"required name=search_term_string"}],"inLanguage":"pt-BR"},{"@type":"ImageObject","@id":"https:\/\/doity.com.br\/blog\/profissional-de-eventos\/#primaryimage","inLanguage":"pt-BR","url":"https:\/\/doity.com.br\/blog\/app\/uploads\/2022\/05\/Descubra-tudo-o-que-um-profissional-de-eventos-pode-fazer.png","contentUrl":"https:\/\/doity.com.br\/blog\/app\/uploads\/2022\/05\/Descubra-tudo-o-que-um-profissional-de-eventos-pode-fazer.png","width":1916,"height":534,"caption":"Profissional de eventos"},{"@type":"WebPage","@id":"https:\/\/doity.com.br\/blog\/profissional-de-eventos\/#webpage","url":"https:\/\/doity.com.br\/blog\/profissional-de-eventos\/","name":"Descubra tudo o que um profissional de eventos pode fazer! - Doity","isPartOf":{"@id":"https:\/\/doity.com.br\/blog\/#website"},"primaryImageOfPage":{"@id":"https:\/\/doity.com.br\/blog\/profissional-de-eventos\/#primaryimage"},"datePublished":"2020-02-06T03:00:00+00:00","dateModified":"2023-02-15T21:53:59+00:00","description":"Neste texto n\u00f3s falamos sobre as diferentes atribui\u00e7\u00f5es que o profissional de eventos desempenha ao longo de toda organiza\u00e7\u00e3o. Confira!","breadcrumb":{"@id":"https:\/\/doity.com.br\/blog\/profissional-de-eventos\/#breadcrumb"},"inLanguage":"pt-BR","potentialAction":[{"@type":"ReadAction","target":["https:\/\/doity.com.br\/blog\/profissional-de-eventos\/"]}]},{"@type":"BreadcrumbList","@id":"https:\/\/doity.com.br\/blog\/profissional-de-eventos\/#breadcrumb","itemListElement":[{"@type":"ListItem","position":1,"name":"blog","item":"https:\/\/doity.com.br\/blog\/"},{"@type":"ListItem","position":2,"name":"Organizar Eventos","item":"https:\/\/doity.com.br\/blog\/categoria\/organizar-eventos\/"},{"@type":"ListItem","position":3,"name":"Descubra tudo o que um profissional de eventos pode fazer!"}]},{"@type":"Article","@id":"https:\/\/doity.com.br\/blog\/profissional-de-eventos\/#article","isPartOf":{"@id":"https:\/\/doity.com.br\/blog\/profissional-de-eventos\/#webpage"},"author":{"@id":"https:\/\/doity.com.br\/blog\/#\/schema\/person\/5edc79503cb79e441be3265d147a176f"},"headline":"Descubra tudo o que um profissional de eventos pode fazer!","datePublished":"2020-02-06T03:00:00+00:00","dateModified":"2023-02-15T21:53:59+00:00","mainEntityOfPage":{"@id":"https:\/\/doity.com.br\/blog\/profissional-de-eventos\/#webpage"},"wordCount":838,"commentCount":0,"publisher":{"@id":"https:\/\/doity.com.br\/blog\/#organization"},"image":{"@id":"https:\/\/doity.com.br\/blog\/profissional-de-eventos\/#primaryimage"},"thumbnailUrl":"https:\/\/doity.com.br\/blog\/app\/uploads\/2022\/05\/Descubra-tudo-o-que-um-profissional-de-eventos-pode-fazer.png","articleSection":["Organizar Eventos"],"inLanguage":"pt-BR","potentialAction":[{"@type":"CommentAction","name":"Comment","target":["https:\/\/doity.com.br\/blog\/profissional-de-eventos\/#respond"]}]},{"@type":"Person","@id":"https:\/\/doity.com.br\/blog\/#\/schema\/person\/5edc79503cb79e441be3265d147a176f","name":"Aline Braz","image":{"@type":"ImageObject","@id":"https:\/\/doity.com.br\/blog\/#personlogo","inLanguage":"pt-BR","url":"https:\/\/secure.gravatar.com\/avatar\/5581f75384275e9fdf027537fae34a00?s=96&d=mm&r=g","contentUrl":"https:\/\/secure.gravatar.com\/avatar\/5581f75384275e9fdf027537fae34a00?s=96&d=mm&r=g","caption":"Aline Braz"},"description":"Jornalista e produtora de conte\u00fado, movida pela curiosidade e pelo que h\u00e1 de novo no mundo dos eventos. Apaixonada por m\u00fasica, livros e viagens!"}]}},"_links":{"self":[{"href":"https:\/\/doity.com.br\/blog\/wp-json\/wp\/v2\/posts\/2258"}],"collection":[{"href":"https:\/\/doity.com.br\/blog\/wp-json\/wp\/v2\/posts"}],"about":[{"href":"https:\/\/doity.com.br\/blog\/wp-json\/wp\/v2\/types\/post"}],"author":[{"embeddable":true,"href":"https:\/\/doity.com.br\/blog\/wp-json\/wp\/v2\/users\/4"}],"replies":[{"embeddable":true,"href":"https:\/\/doity.com.br\/blog\/wp-json\/wp\/v2\/comments?post=2258"}],"version-history":[{"count":1,"href":"https:\/\/doity.com.br\/blog\/wp-json\/wp\/v2\/posts\/2258\/revisions"}],"predecessor-version":[{"id":2598,"href":"https:\/\/doity.com.br\/blog\/wp-json\/wp\/v2\/posts\/2258\/revisions\/2598"}],"wp:featuredmedia":[{"embeddable":true,"href":"https:\/\/doity.com.br\/blog\/wp-json\/wp\/v2\/media\/3769"}],"wp:attachment":[{"href":"https:\/\/doity.com.br\/blog\/wp-json\/wp\/v2\/media?parent=2258"}],"wp:term":[{"taxonomy":"category","embeddable":true,"href":"https:\/\/doity.com.br\/blog\/wp-json\/wp\/v2\/categories?post=2258"},{"taxonomy":"post_tag","embeddable":true,"href":"https:\/\/doity.com.br\/blog\/wp-json\/wp\/v2\/tags?post=2258"},{"taxonomy":"area","embeddable":true,"href":"https:\/\/doity.com.br\/blog\/wp-json\/wp\/v2\/area?post=2258"}],"curies":[{"name":"wp","href":"https:\/\/api.w.org\/{rel}","templated":true}]}}