{"id":5414,"date":"2023-12-29T01:31:32","date_gmt":"2023-12-29T04:31:32","guid":{"rendered":"https:\/\/doity.com.br\/blog\/?p=5414"},"modified":"2024-01-08T15:36:45","modified_gmt":"2024-01-08T18:36:45","slug":"alvara-para-eventos","status":"publish","type":"post","link":"https:\/\/doity.com.br\/blog\/alvara-para-eventos\/","title":{"rendered":"Alvar\u00e1 para eventos: sua import\u00e2ncia e como obt\u00ea-lo"},"content":{"rendered":"\n<p>Obter o alvar\u00e1 para eventos \u00e9 um cuidado essencial que precisa ser tomado ao se organizar um evento, para al\u00e9m da <a href=\"https:\/\/doity.com.br\/blog\/local-para-eventos\/\" target=\"_blank\" rel=\"noreferrer noopener\">escolha do local<\/a> e a defini\u00e7\u00e3o das atra\u00e7\u00f5es. No entanto, em meio a tantos preparativos, \u00e9 comum que ele seja esquecido, por\u00e9m, cuidado! A aus\u00eancia desse documento pode afetar, diretamente, o sucesso ou o fracasso de <a href=\"https:\/\/doity.com.br\/blog\/organizacao-de-eventos\/\" target=\"_blank\" rel=\"noreferrer noopener\">toda organiza\u00e7\u00e3o<\/a>.<\/p>\n\n\n\n<p>Isso porque o alvar\u00e1 para eventos, que \u00e9 emitido pelas autoridades municipais, n\u00e3o apenas atesta a legalidade da atividade como tamb\u00e9m zela pela seguran\u00e7a dos participantes. Mas se voc\u00ea ainda se sente perdido quando o assunto \u00e9 esse, n\u00e3o se preocupe!&nbsp;<\/p>\n\n\n\n<p>Neste texto, exploraremos a import\u00e2ncia do alvar\u00e1 para eventos, mostrando que consegui-lo n\u00e3o \u00e9 t\u00e3o complicado quanto parece, e que obt\u00ea-lo antecipadamente \u00e9 crucial para a realiza\u00e7\u00e3o de eventos bem-sucedidos.<\/p>\n\n\n\n<h2><strong>O que \u00e9 e para que serve um alvar\u00e1 para eventos?<\/strong><\/h2>\n\n\n\n<p>O alvar\u00e1 para eventos desempenha um papel fundamental ao garantir a legalidade das atividades realizadas. Essa autoriza\u00e7\u00e3o tempor\u00e1ria emitida pelo munic\u00edpio assegura que o evento est\u00e1 em conformidade com todas as normas e regulamenta\u00e7\u00f5es, proporcionando n\u00e3o apenas uma base legal s\u00f3lida, mas tamb\u00e9m garantindo a seguran\u00e7a dos participantes.<\/p>\n\n\n\n<p>Al\u00e9m disso, a aus\u00eancia do alvar\u00e1 para eventos pode acarretar em complica\u00e7\u00f5es legais significativas como multas, embargos e outras penalidades, o que pode comprometer n\u00e3o apenas o or\u00e7amento do evento, mas tamb\u00e9m a reputa\u00e7\u00e3o da empresa ou pessoa respons\u00e1vel pela sua organiza\u00e7\u00e3o<\/p>\n\n\n\n<h2><strong>Passo a passo para conseguir o alvar\u00e1 para eventos:<\/strong><\/h2>\n\n\n\n<h3><strong>Identifique o \u00f3rg\u00e3o respons\u00e1vel:<\/strong><\/h3>\n\n\n\n<p>Antes de tudo, \u00e9 muito importante identificar o \u00f3rg\u00e3o respons\u00e1vel pela emiss\u00e3o do alvar\u00e1 na sua cidade. Em algumas localidades, esse processo ocorre na prefeitura, enquanto em outras pode ser conduzido por departamentos espec\u00edficos. Conhecer o \u00f3rg\u00e3o competente \u00e9 o ponto de partida para dar in\u00edcio ao processo.<\/p>\n\n\n\n<p>Al\u00e9m disso, procure entender quest\u00f5es de tamanho, atra\u00e7\u00f5es e estrutura do seu evento antes de fazer a solicita\u00e7\u00e3o do alvar\u00e1, por exemplo: eventos de pequeno porte comportam at\u00e9 25.000 pessoas, m\u00e9dio porte de 25.000 a 100 mil pessoas, e grande porte, p\u00fablico acima de 100 mil pessoas.&nbsp;<\/p>\n\n\n\n<h3><strong>Verifique qual a documenta\u00e7\u00e3o necess\u00e1ria:<\/strong><\/h3>\n\n\n\n<p>Ap\u00f3s identificar o \u00f3rg\u00e3o respons\u00e1vel, entre em contato para obter informa\u00e7\u00f5es detalhadas sobre a documenta\u00e7\u00e3o exigida para obter o alvar\u00e1 para eventos. Em muitas cidades, \u00e9 poss\u00edvel realizar esse processo de forma online, o que simplifica a obten\u00e7\u00e3o de informa\u00e7\u00f5es.&nbsp;<\/p>\n\n\n\n<p>A lista de documentos geralmente inclui:<\/p>\n\n\n\n<ul><li>Contrato de loca\u00e7\u00e3o do espa\u00e7o (para eventos privados);<\/li><li>Comprova\u00e7\u00e3o de contrato com empresa de seguran\u00e7a;<\/li><li>Laudo t\u00e9cnico de seguran\u00e7a;<\/li><li>Autoriza\u00e7\u00f5es dos bombeiros e da pol\u00edcia;<\/li><li>Termo de responsabilidade preenchido e assinado;<\/li><li>Al\u00e9m de documentos pessoais do solicitante (c\u00f3pia do RG, c\u00f3pia do CPF, comprovante de resid\u00eancia).<\/li><\/ul>\n\n\n\n<h3><strong>Prepare a documenta\u00e7\u00e3o:<\/strong><\/h3>\n\n\n\n<p>Com a lista de documentos em m\u00e3os, \u00e9 hora de preparar tudo. Certifique-se de reunir toda a papelada necess\u00e1ria, garantindo que esteja completa e de acordo com as especifica\u00e7\u00f5es exigidas. Este \u00e9 o momento de atentar para detalhes espec\u00edficos do evento, como a presen\u00e7a de menores, a quantidade do p\u00fablico esperado e as atra\u00e7\u00f5es planejadas, para garantir que a documenta\u00e7\u00e3o atenda a todas as particularidades.<\/p>\n\n\n\n<h3><strong>Fa\u00e7a a solicita\u00e7\u00e3o e acompanhe o processo<\/strong><\/h3>\n\n\n\n<p>O pr\u00f3ximo passo envolve a solicita\u00e7\u00e3o formal do alvar\u00e1 para eventos. Alguns munic\u00edpios possibilitam o envio online da documenta\u00e7\u00e3o, enquanto outros requerem a entrega presencial.&nbsp;<\/p>\n\n\n\n<p>Ap\u00f3s o envio, \u00e9 fundamental acompanhar o processo de emiss\u00e3o, verificando se os documentos est\u00e3o corretos e se os prazos est\u00e3o sendo cumpridos. N\u00e3o vacile nessa etapa! Pois essa vigil\u00e2ncia ativa ajuda a evitar surpresas desagrad\u00e1veis pr\u00f3ximas \u00e0 data do evento.<\/p>\n\n\n\n<h3><strong>Fa\u00e7a tudo com anteced\u00eancia!<\/strong><\/h3>\n\n\n\n<p>Anteced\u00eancia \u00e9 a palavra-chave ao lidar com alvar\u00e1s para eventos! Cada cidade estabelece seus prazos, mas, em geral, \u00e9 recomend\u00e1vel solicitar o alvar\u00e1 com significativa anteced\u00eancia.&nbsp;<\/p>\n\n\n\n<p>Para eventos de grande porte, esse prazo pode chegar a 40 dias, enquanto para eventos menores, 15 dias podem ser suficientes. Garantir essa anteced\u00eancia \u00e9 crucial para <a href=\"https:\/\/doity.com.br\/blog\/como-lidar-com-imprevistos\/\" target=\"_blank\" rel=\"noreferrer noopener\">evitar imprevistos<\/a> e assegurar que a autoriza\u00e7\u00e3o seja concedida a tempo da realiza\u00e7\u00e3o do evento.\u00a0<\/p>\n\n\n\n<p>De qualquer forma, esses prazos s\u00e3o apenas um norte, fique atento \u00e0s regras da cidade em que seu evento ser\u00e1 realizado, cada munic\u00edpio costuma seguir uma regra pr\u00f3pria.<\/p>\n\n\n\n<p>Como voc\u00ea j\u00e1 deve ter percebido,o alvar\u00e1 para eventos \u00e9 mais do que uma formalidade burocr\u00e1tica, \u00e9 um elemento indispens\u00e1vel para o sucesso dos seus eventos. Ou seja, \u00e9 preciso investir tempo para garantir e organizar a documenta\u00e7\u00e3o necess\u00e1ria para antecipar a sua solicita\u00e7\u00e3o.&nbsp;&nbsp;<\/p>\n\n\n\n<p>E para te ajudar e facilitar a organiza\u00e7\u00e3o do seu evento, incluindo todo esse processo de solicita\u00e7\u00e3o e emiss\u00e3o do alvar\u00e1, baixe agora mesmo o nosso template exclusivo no Notion de forma gratuita!<\/p>\n\n\n<div class=\"linha_banner_cta\" style=\"background-image: url(https:\/\/doity.com.br\/blog\/app\/uploads\/2022\/05\/cta-planilha-planilha-para-planejamento-de-eventos.png);\"><div class=\"linha_banner_email_cta\"><\/div><div class=\"linha_banner_title_text text-cta-right\"><h6>Tire seu evento do papel: planeje e execute com sucesso!<\/h6><p>Temos \u00e1reas e detalhes que contemplam os diversos tipos de eventos e voc\u00ea ainda consegue personaliz\u00e1-lo a partir das necessidades espec\u00edficas do seu evento!<\/p><a href=\"https:\/\/materiais.doity.com.br\/template-notion-da-doity?utm_source=blog&utm_medium=materiais&utm_campaign=blog-materiais_440\" class=\"cta-post-link\" target=\"blank\">Baixar gr\u00e1tis<\/a><\/div><\/div>\n","protected":false},"excerpt":{"rendered":"<p>Obter o alvar\u00e1 para eventos \u00e9 um cuidado essencial que precisa ser tomado ao se organizar um evento, para al\u00e9m da escolha do local e a defini\u00e7\u00e3o das atra\u00e7\u00f5es. No entanto, em meio a tantos preparativos, \u00e9 comum que ele seja esquecido, por\u00e9m, cuidado! A aus\u00eancia desse documento pode afetar, diretamente, o sucesso ou o&hellip;&nbsp;<a href=\"https:\/\/doity.com.br\/blog\/alvara-para-eventos\/\" class=\"\" rel=\"bookmark\">LER MAIS<span class=\"screen-reader-text\">Alvar\u00e1 para eventos: sua import\u00e2ncia e como obt\u00ea-lo<\/span><\/a><\/p>\n","protected":false},"author":6,"featured_media":5415,"comment_status":"open","ping_status":"open","sticky":false,"template":"","format":"standard","meta":{"neve_meta_sidebar":"","neve_meta_container":"","neve_meta_enable_content_width":"","neve_meta_content_width":0,"neve_meta_title_alignment":"","neve_meta_author_avatar":"","neve_post_elements_order":"","neve_meta_disable_header":"","neve_meta_disable_footer":"","neve_meta_disable_title":"","neve_meta_reading_time":""},"categories":[35],"tags":[],"area":[32],"yoast_head":"<!-- This site is optimized with the Yoast SEO plugin v17.3 - https:\/\/yoast.com\/wordpress\/plugins\/seo\/ -->\n<title>Alvar\u00e1 para eventos: sua import\u00e2ncia e como obt\u00ea-lo - Doity<\/title>\n<meta name=\"description\" content=\"Conhe\u00e7a a import\u00e2ncia e qual a documenta\u00e7\u00e3o necess\u00e1ria para obter um alvar\u00e1 para evento e assim garantir a legalidade do seu evento!\" \/>\n<meta name=\"robots\" content=\"index, follow, max-snippet:-1, max-image-preview:large, max-video-preview:-1\" \/>\n<link rel=\"canonical\" href=\"https:\/\/doity.com.br\/blog\/alvara-para-eventos\/\" \/>\n<meta property=\"og:locale\" content=\"pt_BR\" \/>\n<meta property=\"og:type\" content=\"article\" \/>\n<meta property=\"og:title\" content=\"Alvar\u00e1 para eventos: sua import\u00e2ncia e como obt\u00ea-lo - Doity\" \/>\n<meta property=\"og:description\" content=\"Conhe\u00e7a a import\u00e2ncia e qual a documenta\u00e7\u00e3o necess\u00e1ria para obter um alvar\u00e1 para evento e assim garantir a legalidade do seu evento!\" \/>\n<meta property=\"og:url\" content=\"https:\/\/doity.com.br\/blog\/alvara-para-eventos\/\" \/>\n<meta property=\"og:site_name\" content=\"Doity\" \/>\n<meta property=\"article:publisher\" content=\"https:\/\/www.facebook.com\/DoityBrasil\" \/>\n<meta property=\"article:published_time\" content=\"2023-12-29T04:31:32+00:00\" \/>\n<meta property=\"article:modified_time\" content=\"2024-01-08T18:36:45+00:00\" \/>\n<meta property=\"og:image\" content=\"https:\/\/doity.com.br\/blog\/app\/uploads\/2023\/12\/Topo-DoityTopo-2.png\" \/>\n\t<meta property=\"og:image:width\" content=\"930\" \/>\n\t<meta property=\"og:image:height\" content=\"534\" \/>\n<meta name=\"twitter:card\" content=\"summary_large_image\" \/>\n<meta name=\"twitter:creator\" content=\"@doitybrasil\" \/>\n<meta name=\"twitter:site\" content=\"@doitybrasil\" \/>\n<meta name=\"twitter:label1\" content=\"Written by\" \/>\n\t<meta name=\"twitter:data1\" content=\"Juliana Souza\" \/>\n\t<meta name=\"twitter:label2\" content=\"Est. reading time\" \/>\n\t<meta name=\"twitter:data2\" content=\"4 minutos\" \/>\n<script type=\"application\/ld+json\" class=\"yoast-schema-graph\">{\"@context\":\"https:\/\/schema.org\",\"@graph\":[{\"@type\":\"Organization\",\"@id\":\"https:\/\/doity.com.br\/blog\/#organization\",\"name\":\"Doity\",\"url\":\"https:\/\/doity.com.br\/blog\/\",\"sameAs\":[\"https:\/\/www.facebook.com\/DoityBrasil\",\"https:\/\/www.instagram.com\/doitybrasil\/\",\"https:\/\/www.linkedin.com\/company\/doity\/\",\"https:\/\/www.youtube.com\/channel\/UC8RThVprzGquY9wp5EbWH2A\",\"https:\/\/twitter.com\/doitybrasil\"],\"logo\":{\"@type\":\"ImageObject\",\"@id\":\"https:\/\/doity.com.br\/blog\/#logo\",\"inLanguage\":\"pt-BR\",\"url\":\"https:\/\/doity.com.br\/blog\/app\/uploads\/2022\/08\/logo-doity-b.png\",\"contentUrl\":\"https:\/\/doity.com.br\/blog\/app\/uploads\/2022\/08\/logo-doity-b.png\",\"width\":800,\"height\":347,\"caption\":\"Doity\"},\"image\":{\"@id\":\"https:\/\/doity.com.br\/blog\/#logo\"}},{\"@type\":\"WebSite\",\"@id\":\"https:\/\/doity.com.br\/blog\/#website\",\"url\":\"https:\/\/doity.com.br\/blog\/\",\"name\":\"Doity\",\"description\":\"\",\"publisher\":{\"@id\":\"https:\/\/doity.com.br\/blog\/#organization\"},\"potentialAction\":[{\"@type\":\"SearchAction\",\"target\":{\"@type\":\"EntryPoint\",\"urlTemplate\":\"https:\/\/doity.com.br\/blog\/?s={search_term_string}\"},\"query-input\":\"required name=search_term_string\"}],\"inLanguage\":\"pt-BR\"},{\"@type\":\"ImageObject\",\"@id\":\"https:\/\/doity.com.br\/blog\/alvara-para-eventos\/#primaryimage\",\"inLanguage\":\"pt-BR\",\"url\":\"https:\/\/doity.com.br\/blog\/app\/uploads\/2023\/12\/Topo-DoityTopo-2.png\",\"contentUrl\":\"https:\/\/doity.com.br\/blog\/app\/uploads\/2023\/12\/Topo-DoityTopo-2.png\",\"width\":930,\"height\":534,\"caption\":\"alvar\\u00e1 para eventos\"},{\"@type\":\"WebPage\",\"@id\":\"https:\/\/doity.com.br\/blog\/alvara-para-eventos\/#webpage\",\"url\":\"https:\/\/doity.com.br\/blog\/alvara-para-eventos\/\",\"name\":\"Alvar\\u00e1 para eventos: sua import\\u00e2ncia e como obt\\u00ea-lo - Doity\",\"isPartOf\":{\"@id\":\"https:\/\/doity.com.br\/blog\/#website\"},\"primaryImageOfPage\":{\"@id\":\"https:\/\/doity.com.br\/blog\/alvara-para-eventos\/#primaryimage\"},\"datePublished\":\"2023-12-29T04:31:32+00:00\",\"dateModified\":\"2024-01-08T18:36:45+00:00\",\"description\":\"Conhe\\u00e7a a import\\u00e2ncia e qual a documenta\\u00e7\\u00e3o necess\\u00e1ria para obter um alvar\\u00e1 para evento e assim garantir a legalidade do seu evento!\",\"breadcrumb\":{\"@id\":\"https:\/\/doity.com.br\/blog\/alvara-para-eventos\/#breadcrumb\"},\"inLanguage\":\"pt-BR\",\"potentialAction\":[{\"@type\":\"ReadAction\",\"target\":[\"https:\/\/doity.com.br\/blog\/alvara-para-eventos\/\"]}]},{\"@type\":\"BreadcrumbList\",\"@id\":\"https:\/\/doity.com.br\/blog\/alvara-para-eventos\/#breadcrumb\",\"itemListElement\":[{\"@type\":\"ListItem\",\"position\":1,\"name\":\"blog\",\"item\":\"https:\/\/doity.com.br\/blog\/\"},{\"@type\":\"ListItem\",\"position\":2,\"name\":\"Organizar Eventos\",\"item\":\"https:\/\/doity.com.br\/blog\/categoria\/organizar-eventos\/\"},{\"@type\":\"ListItem\",\"position\":3,\"name\":\"Alvar\\u00e1 para eventos: sua import\\u00e2ncia e como obt\\u00ea-lo\"}]},{\"@type\":\"Article\",\"@id\":\"https:\/\/doity.com.br\/blog\/alvara-para-eventos\/#article\",\"isPartOf\":{\"@id\":\"https:\/\/doity.com.br\/blog\/alvara-para-eventos\/#webpage\"},\"author\":{\"@id\":\"https:\/\/doity.com.br\/blog\/#\/schema\/person\/68e92ada62d4ca226ddda1baa87a6375\"},\"headline\":\"Alvar\\u00e1 para eventos: sua import\\u00e2ncia e como obt\\u00ea-lo\",\"datePublished\":\"2023-12-29T04:31:32+00:00\",\"dateModified\":\"2024-01-08T18:36:45+00:00\",\"mainEntityOfPage\":{\"@id\":\"https:\/\/doity.com.br\/blog\/alvara-para-eventos\/#webpage\"},\"wordCount\":857,\"commentCount\":0,\"publisher\":{\"@id\":\"https:\/\/doity.com.br\/blog\/#organization\"},\"image\":{\"@id\":\"https:\/\/doity.com.br\/blog\/alvara-para-eventos\/#primaryimage\"},\"thumbnailUrl\":\"https:\/\/doity.com.br\/blog\/app\/uploads\/2023\/12\/Topo-DoityTopo-2.png\",\"articleSection\":[\"Organizar Eventos\"],\"inLanguage\":\"pt-BR\",\"potentialAction\":[{\"@type\":\"CommentAction\",\"name\":\"Comment\",\"target\":[\"https:\/\/doity.com.br\/blog\/alvara-para-eventos\/#respond\"]}]},{\"@type\":\"Person\",\"@id\":\"https:\/\/doity.com.br\/blog\/#\/schema\/person\/68e92ada62d4ca226ddda1baa87a6375\",\"name\":\"Juliana Souza\",\"image\":{\"@type\":\"ImageObject\",\"@id\":\"https:\/\/doity.com.br\/blog\/#personlogo\",\"inLanguage\":\"pt-BR\",\"url\":\"https:\/\/secure.gravatar.com\/avatar\/7c0f6606cfea0d282921c28f4f8c02e7?s=96&d=mm&r=g\",\"contentUrl\":\"https:\/\/secure.gravatar.com\/avatar\/7c0f6606cfea0d282921c28f4f8c02e7?s=96&d=mm&r=g\",\"caption\":\"Juliana Souza\"},\"description\":\"Apaixonada por transformar ideias em momentos inesquec\\u00edveis. Experi\\u00eancia na organiza\\u00e7\\u00e3o de grandes eventos corporativos, feiras e festivais. L\\u00edder criativa e motivadora, sempre em busca de dividir conhecimento, organizar eventos incr\\u00edveis e impactar as pessoas.\"}]}<\/script>\n<!-- \/ Yoast SEO plugin. -->","yoast_head_json":{"title":"Alvar\u00e1 para eventos: sua import\u00e2ncia e como obt\u00ea-lo - Doity","description":"Conhe\u00e7a a import\u00e2ncia e qual a documenta\u00e7\u00e3o necess\u00e1ria para obter um alvar\u00e1 para evento e assim garantir a legalidade do seu evento!","robots":{"index":"index","follow":"follow","max-snippet":"max-snippet:-1","max-image-preview":"max-image-preview:large","max-video-preview":"max-video-preview:-1"},"canonical":"https:\/\/doity.com.br\/blog\/alvara-para-eventos\/","og_locale":"pt_BR","og_type":"article","og_title":"Alvar\u00e1 para eventos: sua import\u00e2ncia e como obt\u00ea-lo - Doity","og_description":"Conhe\u00e7a a import\u00e2ncia e qual a documenta\u00e7\u00e3o necess\u00e1ria para obter um alvar\u00e1 para evento e assim garantir a legalidade do seu evento!","og_url":"https:\/\/doity.com.br\/blog\/alvara-para-eventos\/","og_site_name":"Doity","article_publisher":"https:\/\/www.facebook.com\/DoityBrasil","article_published_time":"2023-12-29T04:31:32+00:00","article_modified_time":"2024-01-08T18:36:45+00:00","og_image":[{"width":930,"height":534,"url":"https:\/\/doity.com.br\/blog\/app\/uploads\/2023\/12\/Topo-DoityTopo-2.png","type":"image\/png"}],"twitter_card":"summary_large_image","twitter_creator":"@doitybrasil","twitter_site":"@doitybrasil","twitter_misc":{"Written by":"Juliana Souza","Est. reading time":"4 minutos"},"schema":{"@context":"https:\/\/schema.org","@graph":[{"@type":"Organization","@id":"https:\/\/doity.com.br\/blog\/#organization","name":"Doity","url":"https:\/\/doity.com.br\/blog\/","sameAs":["https:\/\/www.facebook.com\/DoityBrasil","https:\/\/www.instagram.com\/doitybrasil\/","https:\/\/www.linkedin.com\/company\/doity\/","https:\/\/www.youtube.com\/channel\/UC8RThVprzGquY9wp5EbWH2A","https:\/\/twitter.com\/doitybrasil"],"logo":{"@type":"ImageObject","@id":"https:\/\/doity.com.br\/blog\/#logo","inLanguage":"pt-BR","url":"https:\/\/doity.com.br\/blog\/app\/uploads\/2022\/08\/logo-doity-b.png","contentUrl":"https:\/\/doity.com.br\/blog\/app\/uploads\/2022\/08\/logo-doity-b.png","width":800,"height":347,"caption":"Doity"},"image":{"@id":"https:\/\/doity.com.br\/blog\/#logo"}},{"@type":"WebSite","@id":"https:\/\/doity.com.br\/blog\/#website","url":"https:\/\/doity.com.br\/blog\/","name":"Doity","description":"","publisher":{"@id":"https:\/\/doity.com.br\/blog\/#organization"},"potentialAction":[{"@type":"SearchAction","target":{"@type":"EntryPoint","urlTemplate":"https:\/\/doity.com.br\/blog\/?s={search_term_string}"},"query-input":"required name=search_term_string"}],"inLanguage":"pt-BR"},{"@type":"ImageObject","@id":"https:\/\/doity.com.br\/blog\/alvara-para-eventos\/#primaryimage","inLanguage":"pt-BR","url":"https:\/\/doity.com.br\/blog\/app\/uploads\/2023\/12\/Topo-DoityTopo-2.png","contentUrl":"https:\/\/doity.com.br\/blog\/app\/uploads\/2023\/12\/Topo-DoityTopo-2.png","width":930,"height":534,"caption":"alvar\u00e1 para eventos"},{"@type":"WebPage","@id":"https:\/\/doity.com.br\/blog\/alvara-para-eventos\/#webpage","url":"https:\/\/doity.com.br\/blog\/alvara-para-eventos\/","name":"Alvar\u00e1 para eventos: sua import\u00e2ncia e como obt\u00ea-lo - Doity","isPartOf":{"@id":"https:\/\/doity.com.br\/blog\/#website"},"primaryImageOfPage":{"@id":"https:\/\/doity.com.br\/blog\/alvara-para-eventos\/#primaryimage"},"datePublished":"2023-12-29T04:31:32+00:00","dateModified":"2024-01-08T18:36:45+00:00","description":"Conhe\u00e7a a import\u00e2ncia e qual a documenta\u00e7\u00e3o necess\u00e1ria para obter um alvar\u00e1 para evento e assim garantir a legalidade do seu evento!","breadcrumb":{"@id":"https:\/\/doity.com.br\/blog\/alvara-para-eventos\/#breadcrumb"},"inLanguage":"pt-BR","potentialAction":[{"@type":"ReadAction","target":["https:\/\/doity.com.br\/blog\/alvara-para-eventos\/"]}]},{"@type":"BreadcrumbList","@id":"https:\/\/doity.com.br\/blog\/alvara-para-eventos\/#breadcrumb","itemListElement":[{"@type":"ListItem","position":1,"name":"blog","item":"https:\/\/doity.com.br\/blog\/"},{"@type":"ListItem","position":2,"name":"Organizar Eventos","item":"https:\/\/doity.com.br\/blog\/categoria\/organizar-eventos\/"},{"@type":"ListItem","position":3,"name":"Alvar\u00e1 para eventos: sua import\u00e2ncia e como obt\u00ea-lo"}]},{"@type":"Article","@id":"https:\/\/doity.com.br\/blog\/alvara-para-eventos\/#article","isPartOf":{"@id":"https:\/\/doity.com.br\/blog\/alvara-para-eventos\/#webpage"},"author":{"@id":"https:\/\/doity.com.br\/blog\/#\/schema\/person\/68e92ada62d4ca226ddda1baa87a6375"},"headline":"Alvar\u00e1 para eventos: sua import\u00e2ncia e como obt\u00ea-lo","datePublished":"2023-12-29T04:31:32+00:00","dateModified":"2024-01-08T18:36:45+00:00","mainEntityOfPage":{"@id":"https:\/\/doity.com.br\/blog\/alvara-para-eventos\/#webpage"},"wordCount":857,"commentCount":0,"publisher":{"@id":"https:\/\/doity.com.br\/blog\/#organization"},"image":{"@id":"https:\/\/doity.com.br\/blog\/alvara-para-eventos\/#primaryimage"},"thumbnailUrl":"https:\/\/doity.com.br\/blog\/app\/uploads\/2023\/12\/Topo-DoityTopo-2.png","articleSection":["Organizar Eventos"],"inLanguage":"pt-BR","potentialAction":[{"@type":"CommentAction","name":"Comment","target":["https:\/\/doity.com.br\/blog\/alvara-para-eventos\/#respond"]}]},{"@type":"Person","@id":"https:\/\/doity.com.br\/blog\/#\/schema\/person\/68e92ada62d4ca226ddda1baa87a6375","name":"Juliana Souza","image":{"@type":"ImageObject","@id":"https:\/\/doity.com.br\/blog\/#personlogo","inLanguage":"pt-BR","url":"https:\/\/secure.gravatar.com\/avatar\/7c0f6606cfea0d282921c28f4f8c02e7?s=96&d=mm&r=g","contentUrl":"https:\/\/secure.gravatar.com\/avatar\/7c0f6606cfea0d282921c28f4f8c02e7?s=96&d=mm&r=g","caption":"Juliana Souza"},"description":"Apaixonada por transformar ideias em momentos inesquec\u00edveis. Experi\u00eancia na organiza\u00e7\u00e3o de grandes eventos corporativos, feiras e festivais. L\u00edder criativa e motivadora, sempre em busca de dividir conhecimento, organizar eventos incr\u00edveis e impactar as pessoas."}]}},"_links":{"self":[{"href":"https:\/\/doity.com.br\/blog\/wp-json\/wp\/v2\/posts\/5414"}],"collection":[{"href":"https:\/\/doity.com.br\/blog\/wp-json\/wp\/v2\/posts"}],"about":[{"href":"https:\/\/doity.com.br\/blog\/wp-json\/wp\/v2\/types\/post"}],"author":[{"embeddable":true,"href":"https:\/\/doity.com.br\/blog\/wp-json\/wp\/v2\/users\/6"}],"replies":[{"embeddable":true,"href":"https:\/\/doity.com.br\/blog\/wp-json\/wp\/v2\/comments?post=5414"}],"version-history":[{"count":4,"href":"https:\/\/doity.com.br\/blog\/wp-json\/wp\/v2\/posts\/5414\/revisions"}],"predecessor-version":[{"id":5438,"href":"https:\/\/doity.com.br\/blog\/wp-json\/wp\/v2\/posts\/5414\/revisions\/5438"}],"wp:featuredmedia":[{"embeddable":true,"href":"https:\/\/doity.com.br\/blog\/wp-json\/wp\/v2\/media\/5415"}],"wp:attachment":[{"href":"https:\/\/doity.com.br\/blog\/wp-json\/wp\/v2\/media?parent=5414"}],"wp:term":[{"taxonomy":"category","embeddable":true,"href":"https:\/\/doity.com.br\/blog\/wp-json\/wp\/v2\/categories?post=5414"},{"taxonomy":"post_tag","embeddable":true,"href":"https:\/\/doity.com.br\/blog\/wp-json\/wp\/v2\/tags?post=5414"},{"taxonomy":"area","embeddable":true,"href":"https:\/\/doity.com.br\/blog\/wp-json\/wp\/v2\/area?post=5414"}],"curies":[{"name":"wp","href":"https:\/\/api.w.org\/{rel}","templated":true}]}}